{"id":45,"date":"2017-11-21T14:36:05","date_gmt":"2017-11-21T13:36:05","guid":{"rendered":"http:\/\/www.amigdalaweb.it\/blog\/?p=45"},"modified":"2018-01-05T13:01:33","modified_gmt":"2018-01-05T12:01:33","slug":"amigdala-concerto-di-antonello-tonna","status":"publish","type":"post","link":"https:\/\/www.amigdalaweb.it\/blog\/2017\/11\/21\/amigdala-concerto-di-antonello-tonna\/","title":{"rendered":"Concerto di Antonello Tonna"},"content":{"rendered":"<p style=\"text-align: center;\"><a href=\"http:\/\/www.amigdalaweb.it\/blog\/wp-content\/uploads\/2017\/11\/Antonello-Tonna.jpg\"><img loading=\"lazy\" decoding=\"async\" class=\"aligncenter wp-image-65\" src=\"http:\/\/www.amigdalaweb.it\/blog\/wp-content\/uploads\/2017\/11\/Antonello-Tonna.jpg\" alt=\"\" width=\"450\" height=\"637\" srcset=\"https:\/\/www.amigdalaweb.it\/blog\/wp-content\/uploads\/2017\/11\/Antonello-Tonna.jpg 1000w, https:\/\/www.amigdalaweb.it\/blog\/wp-content\/uploads\/2017\/11\/Antonello-Tonna-212x300.jpg 212w, https:\/\/www.amigdalaweb.it\/blog\/wp-content\/uploads\/2017\/11\/Antonello-Tonna-768x1087.jpg 768w, https:\/\/www.amigdalaweb.it\/blog\/wp-content\/uploads\/2017\/11\/Antonello-Tonna-724x1024.jpg 724w, https:\/\/www.amigdalaweb.it\/blog\/wp-content\/uploads\/2017\/11\/Antonello-Tonna-720x1019.jpg 720w, https:\/\/www.amigdalaweb.it\/blog\/wp-content\/uploads\/2017\/11\/Antonello-Tonna-820x1160.jpg 820w\" sizes=\"auto, (max-width: 450px) 100vw, 450px\" \/><\/a><br \/>\nL&#8217;Ass. Cult. liberaAMIGDALA<br \/>\npresenta<\/p>\n<p style=\"text-align: center;\"><strong>&#8220;LA MIA VITA PER LA MUSICA&#8221;<\/strong><\/p>\n<p style=\"text-align: center;\">con<\/p>\n<p style=\"text-align: center;\"><span style=\"color: #800000;\"><strong>ANTONELLO TONNA<\/strong><\/span><br \/>\n<strong> voce e piano<\/strong><\/p>\n<p>Attesissimo appuntamento con Antonello TONNA che, nell&#8217;intimit\u00e0 della sala Prisma di Palazzo Cutore, si racconter\u00e0 attraverso la sua voce e il pianoforte, proponendo i brani che pi\u00f9 ha amato nel corso della sua lunga carriera. A sorpresa interverranno altri musicisti.<\/p>\n<p style=\"text-align: center;\"><strong>Domenica 26 novembre 2017<\/strong><br \/>\n<strong> ore 18:30<\/strong><br \/>\n<strong> Palazzo Recupero-Cutore<\/strong><br \/>\n<strong> Aci Bonaccorsi<\/strong><\/p>\n<p><span style=\"color: #ff0000;\">ingresso libero: soci sestenitori, soci sostenitori classic e residenti<\/span><br \/>\n<span style=\"color: #ff0000;\"> contributo soci ordinari \u20ac 7,00<\/span><\/p>\n<p>il presidente<br \/>\nProf.ssa Maria Grazia Palermo<br \/>\n3480063108<br \/>\n<a href=\"mailto:mariagraziapalermo@amigdalaweb.it\" target=\"_blank\" rel=\"noopener\">mariagraziapalermo@amigdalaweb.it<\/a><br \/>\n<a href=\"https:\/\/www.facebook.com\/amigdala.web\/\" target=\"_blank\" rel=\"noopener\">facebook: Amigdala Web<\/a><br \/>\nwww.amigdalaweb.it<\/p>\n","protected":false},"excerpt":{"rendered":"<p>L&#8217;Ass. Cult. liberaAMIGDALA presenta &#8220;LA MIA VITA PER LA MUSICA&#8221; con ANTONELLO TONNA voce e piano Attesissimo appuntamento con Antonello TONNA che, nell&#8217;intimit\u00e0 della sala [&hellip;]<\/p>\n","protected":false},"author":1,"featured_media":46,"comment_status":"open","ping_status":"open","sticky":false,"template":"","format":"standard","meta":{"footnotes":""},"categories":[6,3],"tags":[5,4],"class_list":["post-45","post","type-post","status-publish","format-standard","has-post-thumbnail","hentry","category-aci-bonaccorsi","category-musica","tag-aci-bonaccorsi","tag-musica","clearfix"],"aioseo_notices":[],"_links":{"self":[{"href":"https:\/\/www.amigdalaweb.it\/blog\/wp-json\/wp\/v2\/posts\/45","targetHints":{"allow":["GET"]}}],"collection":[{"href":"https:\/\/www.amigdalaweb.it\/blog\/wp-json\/wp\/v2\/posts"}],"about":[{"href":"https:\/\/www.amigdalaweb.it\/blog\/wp-json\/wp\/v2\/types\/post"}],"author":[{"embeddable":true,"href":"https:\/\/www.amigdalaweb.it\/blog\/wp-json\/wp\/v2\/users\/1"}],"replies":[{"embeddable":true,"href":"https:\/\/www.amigdalaweb.it\/blog\/wp-json\/wp\/v2\/comments?post=45"}],"version-history":[{"count":0,"href":"https:\/\/www.amigdalaweb.it\/blog\/wp-json\/wp\/v2\/posts\/45\/revisions"}],"wp:featuredmedia":[{"embeddable":true,"href":"https:\/\/www.amigdalaweb.it\/blog\/wp-json\/wp\/v2\/media\/46"}],"wp:attachment":[{"href":"https:\/\/www.amigdalaweb.it\/blog\/wp-json\/wp\/v2\/media?parent=45"}],"wp:term":[{"taxonomy":"category","embeddable":true,"href":"https:\/\/www.amigdalaweb.it\/blog\/wp-json\/wp\/v2\/categories?post=45"},{"taxonomy":"post_tag","embeddable":true,"href":"https:\/\/www.amigdalaweb.it\/blog\/wp-json\/wp\/v2\/tags?post=45"}],"curies":[{"name":"wp","href":"https:\/\/api.w.org\/{rel}","templated":true}]}}