{"id":541,"date":"2018-03-13T14:19:28","date_gmt":"2018-03-13T13:19:28","guid":{"rendered":"http:\/\/www.amigdalaweb.it\/blog\/?p=541"},"modified":"2018-03-13T14:20:13","modified_gmt":"2018-03-13T13:20:13","slug":"recital-del-pianista-francesco-zappala","status":"publish","type":"post","link":"https:\/\/www.amigdalaweb.it\/blog\/2018\/03\/13\/recital-del-pianista-francesco-zappala\/","title":{"rendered":"Recital del pianista FRANCESCO ZAPPALA&#8217;"},"content":{"rendered":"<p><img loading=\"lazy\" decoding=\"async\" class=\"alignnone size-full wp-image-542\" src=\"http:\/\/www.amigdalaweb.it\/blog\/wp-content\/uploads\/2018\/03\/1000-locandina-zappal\u00e0.jpg\" alt=\"\" width=\"1000\" height=\"1415\" srcset=\"https:\/\/www.amigdalaweb.it\/blog\/wp-content\/uploads\/2018\/03\/1000-locandina-zappal\u00e0.jpg 1000w, https:\/\/www.amigdalaweb.it\/blog\/wp-content\/uploads\/2018\/03\/1000-locandina-zappal\u00e0-212x300.jpg 212w, https:\/\/www.amigdalaweb.it\/blog\/wp-content\/uploads\/2018\/03\/1000-locandina-zappal\u00e0-768x1087.jpg 768w, https:\/\/www.amigdalaweb.it\/blog\/wp-content\/uploads\/2018\/03\/1000-locandina-zappal\u00e0-724x1024.jpg 724w, https:\/\/www.amigdalaweb.it\/blog\/wp-content\/uploads\/2018\/03\/1000-locandina-zappal\u00e0-720x1019.jpg 720w, https:\/\/www.amigdalaweb.it\/blog\/wp-content\/uploads\/2018\/03\/1000-locandina-zappal\u00e0-820x1160.jpg 820w\" sizes=\"auto, (max-width: 1000px) 100vw, 1000px\" \/><\/p>\n<p>&nbsp;<\/p>\n<p style=\"text-align: center;\">L&#8217;Ass. Cult. liberaAMIGDALA<\/p>\n<p style=\"text-align: center;\">presenta<\/p>\n<p style=\"text-align: center;\"><span style=\"font-size: 18pt;\"><strong><em>Ballate\u2026\u201dsimmetriche\u201d<\/em><\/strong><\/span><\/p>\n<p style=\"text-align: center;\">Recital pianistico di<\/p>\n<p style=\"text-align: center;\"><strong><span style=\"font-size: 24pt; color: #993300;\">FRANCESCO ZAPPALA&#8217;<\/span><\/strong><\/p>\n<p style=\"text-align: center;\">Apre il concerto<br \/>\n<strong><span style=\"font-size: 18pt;\">DARIO RAPISARDA<\/span><br \/>\nvincitore del Premio \u201cFrontini\u201d 2017 <\/strong><br \/>\n<strong> alla VII edizione di<br \/>\nAMIGDALA International Music Competition<\/strong><\/p>\n<p style=\"text-align: center;\"><strong>18 Marzo 2018 ore 18:30<\/strong><\/p>\n<p style=\"text-align: center;\">Sala Prisma\u00a0<strong>Palazzo Recupero-Cutore &#8211;\u00a0<\/strong><strong>Aci Bonaccorsi CT<br \/>\n<span style=\"color: #ff0000;\">si raccomanda la massima puntualit\u00e0<\/span><br \/>\n<\/strong><\/p>\n<p><span style=\"color: #ff0000;\">INGESSO LIBERO: soci sostenitori, soci sostenitori classic, residenti<\/span><br \/>\n<span style=\"color: #ff0000;\">INGRESSO \u20ac 7: soci ordinari, contributo per organizzazione concerto<\/span><\/p>\n<p>&nbsp;<\/p>\n<p style=\"text-align: center;\">programma<\/p>\n<p style=\"text-align: center;\"><strong>\u00a0J.S. BACH<\/strong><br \/>\nPartita No. 1 in Si b maggiore BWV 825<br \/>\n<em>Praeludium<\/em>, <em>Allemande<\/em>, <em>Courante<\/em>, <em>Sarabande<\/em>, <em>Menuet I<\/em>, <em>Menuet II, Gigue<\/em><\/p>\n<p style=\"text-align: center;\">(Dario Rapisarda)<\/p>\n<p style=\"text-align: center;\">__________________________________<\/p>\n<p style=\"text-align: center;\"><strong><em>Ballate\u2026\u201dsimmetriche\u201d<\/em><\/strong><\/p>\n<p>&nbsp;<\/p>\n<p style=\"text-align: center;\"><strong>JOAHNNES BRAHMS<\/strong><\/p>\n<p style=\"text-align: center;\"><strong><em>Le Quattro Ballate op.10<\/em><\/strong><\/p>\n<p style=\"text-align: center;\"><em>Op.10 n\u00b01 in re minore<br \/>\n<\/em>Andante \u2013 Allegro \u2013 Tempo I<\/p>\n<p style=\"text-align: center;\"><em>Op.10 n\u00b02 in re maggiore<br \/>\n<\/em>Andante \u2013 Allegro non troppo (<em>doppio movimento<\/em>) \u2013 Molto staccato e leggiero \u2013 Tempo I Andante<\/p>\n<p style=\"text-align: center;\"><em>Op.10 n\u00b03 Intermezzo in si minore<br \/>\n<\/em>Allegro<\/p>\n<p style=\"text-align: center;\"><em>Op.10 n\u00b04 in si maggiore<br \/>\n<\/em>Andante con moto \u2013 Pi\u00f9 lento (<em>Col intimissimo sentimento, ma senza troppo marcare la melodia<\/em>) \u2013 Tempo I<\/p>\n<p style=\"text-align: center;\">_________________________________<\/p>\n<p style=\"text-align: center;\"><strong>FR\u00c9D\u00c9RIC CHOPIN<\/strong><\/p>\n<p style=\"text-align: center;\"><strong><em>Le Quattro Ballate<\/em><\/strong><\/p>\n<p style=\"text-align: center;\"><em>Ballata n\u00b01 op.23 in sol minore<br \/>\n<\/em>Largo \u2013 Moderato \u2013 Sempre pi\u00f9 mosso \u2013 Meno mosso \u2013<br \/>\nPi\u00f9 animato \u2013 A tempo \u2013 Meno mosso \u2013 Presto con fuoco<\/p>\n<p style=\"text-align: center;\"><em>Ballata n\u00b02 op.38 in fa maggiore\/la minore<br \/>\n<\/em>Andantino \u2013 Presto con fuoco \u2013 Tempo I \u2013 Presto con fuoco \u2013 Agitato<\/p>\n<p style=\"text-align: center;\"><em>Ballata n\u00b03 op.47 in la bemolle maggiore<br \/>\n<\/em>Allegretto \u2013 Pi\u00f9 mosso<\/p>\n<p style=\"text-align: center;\"><em>Ballata n\u00b04 op.52 in fa minore<br \/>\n<\/em>Andante con moto<\/p>\n<p><strong><img loading=\"lazy\" decoding=\"async\" class=\"alignnone wp-image-543\" src=\"http:\/\/www.amigdalaweb.it\/blog\/wp-content\/uploads\/2018\/03\/4-0.jpg\" alt=\"\" width=\"155\" height=\"231\" \/><\/strong><\/p>\n<p><strong>Dario Rapisarda<\/strong> pianista &#8211; \u00e8 nato a Catania nel 2001. Ha dimostrato sin da piccolo un vivo interesse verso l\u2019arte musicale cos\u00ec da intraprendere giovanissimo lo studio del pianoforte. Dall\u2019et\u00e0 di tredici anni viene seguito da Carmelo Pappalardo sotto la cui guida dal 2016, avendo superato brillantemente con il massimo dei voti gli esami di ammissione, entra a farne parte nella relativa classe di pianoforte presso l&#8217;Istituto Superiore di Studi Musicali \u201cVincenzo Bellini\u201d di Catania. Attualmente, pur frequentando ancora gli studi liceali ed il Primo Anno del Triennio dell\u2019Istituzione Musicale catanese, ha gi\u00e0 maturato varie ed importanti esperienze in campo musicale sia come solista che camerista, ottenendo diversi Premi e riconoscimenti in Rassegne, Masterclasses, Concorsi Musicali Nazionali ed InternazionalI cui ha preso parte.<\/p>\n<p>Primo Premio Assoluto al 7\u00b0 Concorso Pianistico Internazionale Amigdala memorial &#8220;Giuseppe Raciti&#8221;, Primo Premio al Concorso Pianistico Nazionale \u201cPlacido Mandanici\u201d di Barcellona, Primo Premio al Concorso Pianistico Nazionale \u201cKallipolis\u201d dove ha anche ottenuto il premio speciale \u201cGiorgina Bonaccorso\u201d dell\u2019Accademia G. Pacini quale \u201cmiglior interprete per tocco ed interpretazione\u201d, Primo Premio alla 2\u00b0 Selezione giovani talenti di Gravina Arte, Primo Premio al Concorso Amigdala sezione Musica da Camera, Secondo Premio al Concorso Internazionale \u201cLucio Stefano D\u2019Agata\u201d sezione Musica da Camera.<\/p>\n<p>Ha inoltre seguito Masterclasses con Sunghoon Simon Hwang e, quale vincitore di una borsa di studio, il corso di perfezionamento tenuto da Aquiles Delle Vigne presso la \u201cHochschule Sommerakademie Mozarteum\u201d di Salisburgo, dove si e anche esibito presso la B\u00f6sendorfersaal.<\/p>\n<p>&nbsp;<\/p>\n<p><img loading=\"lazy\" decoding=\"async\" class=\"alignnone wp-image-544\" src=\"http:\/\/www.amigdalaweb.it\/blog\/wp-content\/uploads\/2018\/03\/WhatsApp-Image-2018-02-05-at-18.38.42.jpeg\" alt=\"\" width=\"248\" height=\"374\" srcset=\"https:\/\/www.amigdalaweb.it\/blog\/wp-content\/uploads\/2018\/03\/WhatsApp-Image-2018-02-05-at-18.38.42.jpeg 983w, https:\/\/www.amigdalaweb.it\/blog\/wp-content\/uploads\/2018\/03\/WhatsApp-Image-2018-02-05-at-18.38.42-199x300.jpeg 199w, https:\/\/www.amigdalaweb.it\/blog\/wp-content\/uploads\/2018\/03\/WhatsApp-Image-2018-02-05-at-18.38.42-768x1156.jpeg 768w, https:\/\/www.amigdalaweb.it\/blog\/wp-content\/uploads\/2018\/03\/WhatsApp-Image-2018-02-05-at-18.38.42-680x1024.jpeg 680w, https:\/\/www.amigdalaweb.it\/blog\/wp-content\/uploads\/2018\/03\/WhatsApp-Image-2018-02-05-at-18.38.42-720x1084.jpeg 720w, https:\/\/www.amigdalaweb.it\/blog\/wp-content\/uploads\/2018\/03\/WhatsApp-Image-2018-02-05-at-18.38.42-820x1235.jpeg 820w\" sizes=\"auto, (max-width: 248px) 100vw, 248px\" \/><\/p>\n<p><strong>Francesco ZAPPALA\u2019 pianista<\/strong> &#8211; \u00a0\u201c<em>Sono molti gli artisti, anche di talento, che si siedono al pianoforte, eseguono i brani in locandina, rispondono ai saluti del pubblico, chiusi in un\u2019invisibile ma impenetrabile sfera. Isolati anche dagli ascoltatori che hanno davanti a pochi metri. Cos\u00ec l\u2019arte resta un fenomeno chiuso, non comunicato. Francesco Zappal\u00e0, che \u00e8 un artista del pianoforte di altissima sensibilit\u00e0, non si accontenta della perfezione delle proprie note e della intelligenza delle sue disposizioni spirituali: vuole creare il dialogo con chi ascolta; un dialogo continuo tra creazione originale e interpretazione contingente. Il congeniale solista ha illustrato, con esempi\u2026e ogni esempio addotto ha chiarito modi e intenzioni. Il concerto sonoro \u00e8 divenuto un concerto di intelligenze.<\/em>\u201d<\/p>\n<p>(Sergio Sciacca &#8211; LA SICILIA &#8211; 22 settembre 2012).<\/p>\n<p>Questo \u00e8 quanto ha scritto il critico Sergio Sciacca di FRANCESCO ZAPPAL\u00c0 nel settembre 2012, recensendo un recital pianistico, incentrato su musiche di Chopin e Liszt, tenuto al Cortile Platamone a Catania nell\u2019ambito del Festival Belliniano 2012 del Teatro Massimo Bellini.<\/p>\n<p>Il percorso pianistico di Francesco Zappal\u00e0 (classe 1960) inizia all\u2019et\u00e0 di tre anni, cominciando a suonare, da autodidatta, vari generi musicali: classico, leggero e jazz. A diciotto anni decide di studiare seriamente il pianoforte, sotto la preziosa guida di Agatella Catania, iniziando cos\u00ec il suo percorso artistico che lo porter\u00e0 a diplomarsi in pochi anni (nel 1983) col massimo dei voti e la menzione d\u2019onore e, contemporaneamente, cogliere numerosi successi nei concorsi pianistici nazionali ed internazionali a cui partecipa. Vincitore assoluto alla Coppa Pianisti d\u2019Italia di Osimo nel 1981 e 1983, al \u201cCitt\u00e0 di Catanzaro\u201d nel 1981, al \u201cPremio Ernesto Coop\u201d di Messina nel 1982, al \u201cPremio Rendano\u201d di Roma nel 1982. In seguito, conquista due importanti riconoscimenti: il 1\u00b0 Premio assoluto al Concorso \u201cA. Speranza\u201d di Taranto nel 1984 ed il 3\u00b0 Premio al Concorso Internazionale \u201cA. Casella\u201d della RAI di Napoli nel 1989.<\/p>\n<p>Dopo aver seguito vari corsi di perfezionamento tenuti da Nunzio Montanari, Michele Campanella e J\u00f6rg Demus, ha successivamente frequentato, dal 1991 al 1994, l\u2019Accademia Internazionale M\u00fcgi di Roma perfezionandosi sotto la guida di Aldo Ciccolini.<\/p>\n<p>Nel 1994 \u00e8 stato invitato dal Teatro Massimo Bellini di Catania ad eseguire alcune significative opere pianistiche di Francesco Pollini (1762 \u2013 1846) nell\u2019ambito del Festival Belliniano. Nel 1995 ha pi\u00f9 volte affrontato l\u2019esecuzione integrale dei 4 Quartetti con pianoforte di L. van Beethoven. Ha inoltre registrato musiche di Beethoven, Schubert e Rachmaninoff per la RAI. Nel 2001 ha registrato per la CD CLASSICA un compact disc con musiche di Jean Philippe Rameau.<\/p>\n<p>Nell\u2019Aprile del 2002, presso la Facolt\u00e0 di Lettere dell\u2019Universit\u00e0 di Catania, ha suonato il pianoforte B\u00f6sendorfer 250 del 1881 &#8211; appartenuto a Franz Liszt &#8211; eseguendo i Tre Sonetti del Petrarca e le Due L\u00e9gendes.<\/p>\n<p>Sempre nel 2002, invitato dall\u2019Orchestra Sinfonica di fiati della Provincia Regionale di Catania, \u00e8 stato il solista della Rhapsody in blue di Gershwin in una rarissima strumentazione di Ferde Grof\u00e9 basata sulle versioni di Whiteman per \u201cJazz band\u201d (1924) e per \u201cTheater orchestra\u201d (1926).<\/p>\n<p>Nel Maggio del 2004 si \u00e8 esibito in Romania, nell\u2019ambito della stagione 2003-2004 della Filarmonica di Bacau, eseguendo in due serate consecutive un recital solistico con le Variazioni Wienen-Klagen e i 12 Etudes d\u2019Esecution Trascendante di Liszt ed il 2\u00b0 Concerto op.83 di Johannes Brahms.<\/p>\n<p>Ha debuttato con successo nell\u2019Agosto 2006 al II Festival del Val di Noto \u201cMagie Barocche\u201d nella doppia veste di esecutore e trascrittore, in duo pianistico con Maria Pia Tricoli, presentando, in prima assoluta, alcune proprie trascrizioni per due pianoforti: il 6\u00b0 Concerto Brandeburghese BWV 1051 e la Toccata e Fuga in re minore per organo BWV 565 di Bach.<\/p>\n<p>Nel 2007, su invito del M\u00b0 Piero Rattalino, allora direttore artistico del Teatro Massimo Bellini di Catania, ha eseguito il ciclo dei 12 Etudes d\u2019Esecution Trascendante di Liszt, impresa concertistica che a Catania era stata compiuta solo da Michele Campanella nel 1987.<\/p>\n<p>Nel 2009, in occasione dei vent\u2019anni dalla morte di Vladimir Horowitz, ha dato vita ad un progetto concertistico dal titolo \u201cSuonare il Mito\u201d consistente in un recital, nel cui programma figurano alcune celebri trascrizioni del grande pianista russo, come i Quadri d\u2019una Esposizione di M. Mussorgsky, alcuni pezzi originali di Horowitz e la versione del 1979 della Sonata n\u00b02 op.36 di Sergei Rachmaninov.<\/p>\n<p>Nel 2010, anno del Bicentenario della nascita di Chopin (1810-1847), ha eseguito alcuni recital incentrati sull\u2019esecuzione integrale dei 24 Studi (op.10 e op.25) unitamente alle Mazurche op.68 e op.59.<\/p>\n<p>Nel 2011, per il Bicentenario della nascita di Franz Liszt \u00e8 stato impegnato in un progetto concertistico multimediale consistente nell\u2019esecuzione integrale delle Harmonies Po\u00e9tiques et Religieuses del compositore ungherese che ha avuto il suo epilogo presso la Facolt\u00e0 di Lettere dell\u2019Universit\u00e0 di Catania, in collaborazione con L\u2019Istituto Superiore di Studi Musicali \u201cVincenzo Bellini\u201d.<\/p>\n<p>Grande successo ha riscosso nel 2013 il recital \u201cItalia-U.S.A one way!\u201d in cui Francesco Zappal\u00e0 ha incluso una sua trascrizione di Un Americano a Parigi di George Gershwin. Con questo stesso programma si \u00e8 esibito nell\u2019ottobre del 2013 presso il prestigioso Barletta International Piano Festival dove \u00e8 tornato ad esibirsi nel novembre del 2014 eseguendo i Quattro Scherzi e i Ventiquattro Preludi di F. Chopin (Il recital si intitolava \u201cL\u2019anima di Chopin\u2026Scherzi a parte!\u201d)<\/p>\n<p>La sua costante attivit\u00e0 pianistica \u00e8 sempre dominata da una attenta e profonda ricerca sulla comunicazione concertistica, considerandola un importante fenomeno che possiede una sua naturale evoluzione storica e sociologica. Per tale motivo Francesco Zappal\u00e0 esegue i suoi recital pianistici assegnando sempre un titolo ad ogni programma, parlando ed interagendo con il pubblico tra un\u2019esecuzione e l\u2019altra. \u00c8 un suo vivo impegno promuovere e sviluppare questo modello concertistico soprattutto tra i giovani pianisti.<\/p>\n<p>Dal 1983 \u00e8 titolare della cattedra di Pianoforte Principale presso l\u2019Istituto Superiore di Studi Musicali \u201cV. Bellini\u201d di Catania e docente delle materie Prassi Esecutiva e Pianoforte e orchestra.<\/p>\n<p>Nel novembre del 2013 ha pubblicato su <a href=\"http:\/\/www.ilmiolibro.it\">www.ilmiolibro.it<\/a>, Feltrinelli Editore, il suo primo libro, dal titolo \u201cPIANOFOCUS\u201d.<\/p>\n<p>Ha al suo attivo diversi video su You Tube al canale MrFzappala<\/p>\n<p>Dal 2017 collabora con il Teatro Machiavelli di Catania per promuovere la formazione concertistica dei giovani talenti attraverso l\u2019iniziativa \u201cMac Piano Project\u201d. Nel marzo 2018 ha riscosso un enorme successo di pubblico, sempre al Machiavelli, la sua esecuzione (in prima assoluta per la citt\u00e0 di Catania) della \u201cDante Symphonie\u201d di Franz Liszt nella trascrizione per due pianoforti e coro femminile, effettuata in collaborazione con il pianista Andrea Troina e il Coro \u201cImago Vocis\u201d.<\/p>\n","protected":false},"excerpt":{"rendered":"<p>&nbsp; L&#8217;Ass. Cult. liberaAMIGDALA presenta Ballate\u2026\u201dsimmetriche\u201d Recital pianistico di FRANCESCO ZAPPALA&#8217; Apre il concerto DARIO RAPISARDA vincitore del Premio \u201cFrontini\u201d 2017 alla VII edizione di [&hellip;]<\/p>\n","protected":false},"author":2,"featured_media":545,"comment_status":"open","ping_status":"open","sticky":false,"template":"","format":"standard","meta":{"footnotes":""},"categories":[6,3],"tags":[],"class_list":["post-541","post","type-post","status-publish","format-standard","has-post-thumbnail","hentry","category-aci-bonaccorsi","category-musica","clearfix"],"aioseo_notices":[],"_links":{"self":[{"href":"https:\/\/www.amigdalaweb.it\/blog\/wp-json\/wp\/v2\/posts\/541","targetHints":{"allow":["GET"]}}],"collection":[{"href":"https:\/\/www.amigdalaweb.it\/blog\/wp-json\/wp\/v2\/posts"}],"about":[{"href":"https:\/\/www.amigdalaweb.it\/blog\/wp-json\/wp\/v2\/types\/post"}],"author":[{"embeddable":true,"href":"https:\/\/www.amigdalaweb.it\/blog\/wp-json\/wp\/v2\/users\/2"}],"replies":[{"embeddable":true,"href":"https:\/\/www.amigdalaweb.it\/blog\/wp-json\/wp\/v2\/comments?post=541"}],"version-history":[{"count":0,"href":"https:\/\/www.amigdalaweb.it\/blog\/wp-json\/wp\/v2\/posts\/541\/revisions"}],"wp:featuredmedia":[{"embeddable":true,"href":"https:\/\/www.amigdalaweb.it\/blog\/wp-json\/wp\/v2\/media\/545"}],"wp:attachment":[{"href":"https:\/\/www.amigdalaweb.it\/blog\/wp-json\/wp\/v2\/media?parent=541"}],"wp:term":[{"taxonomy":"category","embeddable":true,"href":"https:\/\/www.amigdalaweb.it\/blog\/wp-json\/wp\/v2\/categories?post=541"},{"taxonomy":"post_tag","embeddable":true,"href":"https:\/\/www.amigdalaweb.it\/blog\/wp-json\/wp\/v2\/tags?post=541"}],"curies":[{"name":"wp","href":"https:\/\/api.w.org\/{rel}","templated":true}]}}