{"id":618,"date":"2018-10-29T15:58:12","date_gmt":"2018-10-29T14:58:12","guid":{"rendered":"http:\/\/www.amigdalaweb.it\/blog\/?p=618"},"modified":"2018-11-18T17:39:29","modified_gmt":"2018-11-18T16:39:29","slug":"programma-dellanno-sociale-2018-2019","status":"publish","type":"post","link":"https:\/\/www.amigdalaweb.it\/blog\/2018\/10\/29\/programma-dellanno-sociale-2018-2019\/","title":{"rendered":"PROGRAMMA DELL&#8217;ANNO SOCIALE 2018\/2019"},"content":{"rendered":"<p>&nbsp;<\/p>\n<p><img loading=\"lazy\" decoding=\"async\" class=\"alignnone size-full wp-image-642\" src=\"http:\/\/www.amigdalaweb.it\/blog\/wp-content\/uploads\/2018\/10\/locandina-anno-sociale-2018-19-1.jpg\" alt=\"\" width=\"1000\" height=\"1415\" srcset=\"https:\/\/www.amigdalaweb.it\/blog\/wp-content\/uploads\/2018\/10\/locandina-anno-sociale-2018-19-1.jpg 1000w, https:\/\/www.amigdalaweb.it\/blog\/wp-content\/uploads\/2018\/10\/locandina-anno-sociale-2018-19-1-212x300.jpg 212w, https:\/\/www.amigdalaweb.it\/blog\/wp-content\/uploads\/2018\/10\/locandina-anno-sociale-2018-19-1-768x1087.jpg 768w, https:\/\/www.amigdalaweb.it\/blog\/wp-content\/uploads\/2018\/10\/locandina-anno-sociale-2018-19-1-724x1024.jpg 724w, https:\/\/www.amigdalaweb.it\/blog\/wp-content\/uploads\/2018\/10\/locandina-anno-sociale-2018-19-1-720x1019.jpg 720w, https:\/\/www.amigdalaweb.it\/blog\/wp-content\/uploads\/2018\/10\/locandina-anno-sociale-2018-19-1-820x1160.jpg 820w\" sizes=\"auto, (max-width: 1000px) 100vw, 1000px\" \/><\/p>\n<p>&nbsp;<\/p>\n<p style=\"text-align: center;\"><a href=\"http:\/\/www.amigdalaweb.it\/blog\/wp-content\/uploads\/2018\/10\/locandina-anno-sociale-2018-19-1.jpg\">Locandina 2018\/2019<\/a><\/p>\n<p style=\"text-align: center;\"><a href=\"http:\/\/www.amigdalaweb.it\/blog\/wp-content\/uploads\/2018\/10\/programma-AMIGDALA-201819.pdf\">Programma 2018\/2019<\/a><\/p>\n<p>&nbsp;<\/p>\n<p style=\"text-align: center;\"><span style=\"color: #ff0000;\"><strong>\u2026se vogliamo che la gente ami la cultura,<br \/>\n<\/strong><\/span><span style=\"color: #ff0000;\"><strong>dobbiamo fare in modo che abbia motivo di amarla<\/strong><\/span><\/p>\n<p>&nbsp;<\/p>\n<p>Carissimi Amici,<\/p>\n<p>l\u2019anno sociale 2018\/2019, si prospetta ricco di novit\u00e0.<\/p>\n<p>Quest\u2019anno, come di consueto, gli appuntamenti in calendario sono tanti e di notevole spessore.<\/p>\n<p>Ci muoveremo all\u2019interno di vari ambiti musicali e culturali e, per una scelta no profit ed ideologica, tutto ci\u00f2 sar\u00e0 proposto a costi accessibilissimi (quanto basta per coprire le spese)<\/p>\n<p>Noi riteniamo fondamentale promuovere la cultura, determinati a non sottrarci alle grandi difficolt\u00e0 che la nostra societ\u00e0 ci impone, ma ci\u00f2 sar\u00e0 possibile solo grazie al Vostro contributo.<\/p>\n<p>l&#8217;Associazione Culturale liberaAMIGDALA \u00e8 un\u2019organizzazione molto apprezzata anche a livello Internazionale (grazie al Concorso Internazionale di Musica che si svolge ogni anno con grande successo) e persegue i propri obiettivi statutari sostenendosi esclusivamente con le quote associative ed il contributo dei soci ordinari.<\/p>\n<p>&nbsp;<\/p>\n<p><span style=\"color: #ff0000;\"><strong>associarsi \u00e8 facile<\/strong>:<\/span><\/p>\n<p>durante una delle nostre serate, basta rivolgersi agli organizzatori per compilare un modulo di formale richiesta al Direttivo e versare la quota associative.<\/p>\n<p>Ringrazio di cuore i vecchi soci e li invito a sostenerci ancora rinnovando al pi\u00f9 presto l\u2019iscrizione e promuovendo la campagna tesseramento 2018\/2019 presso i propri amici e conoscenti.<\/p>\n<p>Un grazie anche a quanti, trasmettendoci affetto, stima e amicizia, condivideranno la nostra avventura entrando a far parte di questa grande famiglia.<\/p>\n<p>&nbsp;<\/p>\n<p><span style=\"color: #ff0000;\"><strong>TESSERAMENTO:<\/strong><\/span><\/p>\n<p>Il Direttivo propone anche quest\u2019anno tre tipologie di socio:<\/p>\n<p><strong>SOCIO SOSTENITORE<\/strong>: ha diritto all\u2019ingresso libero a tutti gli eventi in calendario (esclusi i 2 concerti fuori programma) e ad un trattamento privilegiato sul costo delle cene conviviali.<\/p>\n<p><span style=\"color: #ff0000;\">quota associativa \u20ac 70,00<\/span><\/p>\n<p><strong>\u00a0<\/strong><\/p>\n<p><strong>SOCIO SOSTENITORE junior (fino a 25 anni):<\/strong>ha diritto all\u2019ingresso libero a tutti gli eventi in calendario (esclusi i 2 concerti fuori programma) e ad un trattamento privilegiato sul costo delle cene conviviali.<\/p>\n<p><span style=\"color: #ff0000;\">quota associativa \u20ac 50,00<\/span><\/p>\n<p>&nbsp;<\/p>\n<p><strong>SOCIO ORDINARIO:<\/strong>ha diritto all\u2019ingresso. Contribuisce alle spese organizzative con la quota stabilita dall\u2019organizzazione per ogni evento.<\/p>\n<p><span style=\"color: #ff0000;\">quota associativa \u20ac 5,00<\/span><\/p>\n<p>&nbsp;<\/p>\n<p><strong>I RESIDENTI NEL COMUNE DI ACI BONACCORSI<\/strong> (se richiesto, dovranno esibire un documento di identit\u00e0) hanno diritto all\u2019ingresso libero a tutti gli eventi che si svolgeranno nel loro comune grazie ad un accordo di collaborazione stipulato con il Sindaco di Aci Bonaccorsi<\/p>\n<p>&nbsp;<\/p>\n<p style=\"text-align: center;\">__________________________<\/p>\n<p>&nbsp;<\/p>\n<p>Il Direttivo si riserva la facolt\u00e0 di apportare modifiche al calendario.<\/p>\n<p>Ogni appuntamento sar\u00e0 pubblicizzato tramite e-mail, sms e whatsapp (per coloro che desiderano essere inseriti nella mailinglist)<br \/>\ne sulla stampa locale, sulla nostra pagina <a href=\"https:\/\/www.facebook.com\/amigdala.web\/\">facebook: amigdala web<\/a>e sul sito <a href=\"http:\/\/www.amigdalaweb.it\/\">www.amigdalaweb.it<\/a><\/p>\n<p>&nbsp;<\/p>\n<p><strong>segreteria:<\/strong><\/p>\n<p>info: 3480063108 \u2013 3381140344<\/p>\n<p><a href=\"mailto:info@amigdalaweb.it\">info@amigdalaweb.it \u00a0<\/a><\/p>\n<p>&nbsp;<\/p>\n<p>&nbsp;<\/p>\n","protected":false},"excerpt":{"rendered":"<p>&nbsp; &nbsp; Locandina 2018\/2019 Programma 2018\/2019 &nbsp; \u2026se vogliamo che la gente ami la cultura, dobbiamo fare in modo che abbia motivo di amarla &nbsp; [&hellip;]<\/p>\n","protected":false},"author":2,"featured_media":620,"comment_status":"open","ping_status":"open","sticky":false,"template":"","format":"standard","meta":{"footnotes":""},"categories":[6,7],"tags":[34,33,4],"class_list":["post-618","post","type-post","status-publish","format-standard","has-post-thumbnail","hentry","category-aci-bonaccorsi","category-viagrande","tag-conferenza","tag-cultura","tag-musica","clearfix"],"aioseo_notices":[],"_links":{"self":[{"href":"https:\/\/www.amigdalaweb.it\/blog\/wp-json\/wp\/v2\/posts\/618","targetHints":{"allow":["GET"]}}],"collection":[{"href":"https:\/\/www.amigdalaweb.it\/blog\/wp-json\/wp\/v2\/posts"}],"about":[{"href":"https:\/\/www.amigdalaweb.it\/blog\/wp-json\/wp\/v2\/types\/post"}],"author":[{"embeddable":true,"href":"https:\/\/www.amigdalaweb.it\/blog\/wp-json\/wp\/v2\/users\/2"}],"replies":[{"embeddable":true,"href":"https:\/\/www.amigdalaweb.it\/blog\/wp-json\/wp\/v2\/comments?post=618"}],"version-history":[{"count":0,"href":"https:\/\/www.amigdalaweb.it\/blog\/wp-json\/wp\/v2\/posts\/618\/revisions"}],"wp:featuredmedia":[{"embeddable":true,"href":"https:\/\/www.amigdalaweb.it\/blog\/wp-json\/wp\/v2\/media\/620"}],"wp:attachment":[{"href":"https:\/\/www.amigdalaweb.it\/blog\/wp-json\/wp\/v2\/media?parent=618"}],"wp:term":[{"taxonomy":"category","embeddable":true,"href":"https:\/\/www.amigdalaweb.it\/blog\/wp-json\/wp\/v2\/categories?post=618"},{"taxonomy":"post_tag","embeddable":true,"href":"https:\/\/www.amigdalaweb.it\/blog\/wp-json\/wp\/v2\/tags?post=618"}],"curies":[{"name":"wp","href":"https:\/\/api.w.org\/{rel}","templated":true}]}}