{"id":688,"date":"2019-01-08T16:34:40","date_gmt":"2019-01-08T15:34:40","guid":{"rendered":"http:\/\/www.amigdalaweb.it\/blog\/?p=688"},"modified":"2019-01-08T16:36:21","modified_gmt":"2019-01-08T15:36:21","slug":"concerto-eugenia-cantone-flauto-nicolo-cafaro-pianoforte","status":"publish","type":"post","link":"https:\/\/www.amigdalaweb.it\/blog\/2019\/01\/08\/concerto-eugenia-cantone-flauto-nicolo-cafaro-pianoforte\/","title":{"rendered":"Concerto EUGENIA CANTONE flauto &#8211; NICOLO&#8217; CAFARO pianoforte"},"content":{"rendered":"<p><img loading=\"lazy\" decoding=\"async\" class=\"alignnone wp-image-690\" src=\"http:\/\/www.amigdalaweb.it\/blog\/wp-content\/uploads\/2019\/01\/locandina-cantone-cafaro-1000.jpg\" alt=\"\" width=\"577\" height=\"817\" srcset=\"https:\/\/www.amigdalaweb.it\/blog\/wp-content\/uploads\/2019\/01\/locandina-cantone-cafaro-1000.jpg 1000w, https:\/\/www.amigdalaweb.it\/blog\/wp-content\/uploads\/2019\/01\/locandina-cantone-cafaro-1000-212x300.jpg 212w, https:\/\/www.amigdalaweb.it\/blog\/wp-content\/uploads\/2019\/01\/locandina-cantone-cafaro-1000-768x1087.jpg 768w, https:\/\/www.amigdalaweb.it\/blog\/wp-content\/uploads\/2019\/01\/locandina-cantone-cafaro-1000-724x1024.jpg 724w, https:\/\/www.amigdalaweb.it\/blog\/wp-content\/uploads\/2019\/01\/locandina-cantone-cafaro-1000-720x1019.jpg 720w, https:\/\/www.amigdalaweb.it\/blog\/wp-content\/uploads\/2019\/01\/locandina-cantone-cafaro-1000-820x1160.jpg 820w\" sizes=\"auto, (max-width: 577px) 100vw, 577px\" \/><\/p>\n<p>&nbsp;<\/p>\n<p>&nbsp;<\/p>\n<p style=\"text-align: center;\"><strong>TRA SIMBOLISMO E ART NOUVEAU<\/strong><\/p>\n<p style=\"text-align: center;\"><strong>Nel centenario della morte di Debussy<\/strong><\/p>\n<p>&nbsp;<\/p>\n<p style=\"text-align: center;\"><span style=\"color: #993300;\"><strong>EUGENIA\u00a0CANTONE<\/strong><\/span>\u00a0<strong>\u00a0<\/strong>flauto<\/p>\n<p style=\"text-align: center;\"><strong><span style=\"color: #993300;\">\u00a0NICOLO\u2019\u00a0CAFARO<\/span><\/strong>\u00a0<strong>\u00a0<\/strong>pianoforte<\/p>\n<p>&nbsp;<\/p>\n<p style=\"text-align: center;\">Domenica 13 Gennaio 2019<\/p>\n<p style=\"text-align: center;\">ore 17:30<\/p>\n<p style=\"text-align: center;\">Palazzo Recupero &#8211; Cutore<\/p>\n<p style=\"text-align: center;\">Aci Bonaccorsi<\/p>\n<p>&nbsp;<\/p>\n<p style=\"text-align: left;\"><span style=\"color: #ff0000;\">Ingresso \u20ac 8: contributo soci ordinari\u00a0<\/span><\/p>\n<p><span style=\"color: #ff0000;\">Ingresso Libero: soci sostenitori e i residenti<\/span><\/p>\n<p>&nbsp;<\/p>\n<p>&nbsp;<\/p>\n<p>&nbsp;<\/p>\n<p><strong>Eugenia CANTONE<\/strong><\/p>\n<p>Nata a Catania nel 1999, ha iniziato giovanissima lo studio del flauto conseguendo la Laurea di I livello in Flauto con il massimo dei voti e la lode all\u2019Istituto Superiore di Studi Musicali Vincenzo Bellini di Catania dove attualmente frequenta il II corso del Biennio specialistico di II livello in Flauto sotto la guida di Aura Cosentino.<\/p>\n<p>In duo con il pianista Nicol\u00f2 Cafaro ha partecipato a diversi concorsi, quali il Concorso \u201cMandanici\u201d di Barcellona Pozzo di Gotto (ME), Il Concorso FIDAPA di Catania, il Concorso \u201cGianluca Campochiaro\u201d di Pedara (CT), classificandosi sempre fra i primi posti.<\/p>\n<p>Nel 2015 da solista ha vinto il primo premio assoluto al Concorso Internazionale \u201cAmigdala\u201d di Acibonaccorsi (CT) e il primo premio al Concorso \u201cGiuseppe Ierna\u201d di Floridia (SR).<\/p>\n<p>Nel 2016 ha vinto il primo premio, nella sezione Musica da Camera, in formazione con un Nonetto di fiati, al Concorso \u201cAmigdala\u201d di Acibonaccorsi (CT). Nel 2017 in duo con il pianista Nicol\u00f2 Cafaro ha vinto il primo premio assoluto con punti 100\/100 al Concorso \u201cFratelli Camerano\u201d di Centuripe.<\/p>\n<p>Nel 2018 in duo con il pianista Nicol\u00f2 Cafaro ha vinto il primo premio, nella sezione Musica da Camera al Concorso Internazionale \u201cAmigdala di Acibonaccorsi(CT), il primo premio nella sezione Fiati solisti al concorso \u201cCitta di Comiso\u201d (RG) e il primo premio nella sezione Fiati solisti al Concorso Internazionale \u201cCitt\u00e0 di Siracusa\u201d.<\/p>\n<p>Ha anche partecipato da effettiva alle masterclass di prestigiosi strumentisti, come i flautisti Giampaolo Pretto, Stefano Parrino, Monica Finco, Juana Guillem, Mario Caroli, Salvatore Vella.<\/p>\n<p><strong>\u00a0<\/strong><\/p>\n<p><strong>Nicol\u00f2 CAFARO<\/strong><\/p>\n<p>Nicol\u00f2 Cafaro, pianista diciottenne catanese, esordiente a 8 anni con Renato Siracusano e oggi brillante allievo di Graziella Concas presso l\u2019\u201dIstituto Musicale Vincenzo Bellini di Catania\u201d, \u00e8 uno dei giovani talenti emergenti nel panorama pianistico classico. Tiene il suo primo recital all\u2019et\u00e0 di 11 anni; a questo seguiranno altre esibizioni per importanti istituzioni concertistiche che lo conclameranno interprete sensibile e gi\u00e0 in possesso di un repertorio variegato. La sua attivit\u00e0 pianistica infatti vanta gi\u00e0 oltre 30 recitals e concerti &#8211; pianoforte e orchestra &#8211;\u00a0 tra cui si citano: Teatro Sangiorgi (CT) col Terzo Concerto per pianoforte e orchestra di Beethoven; Accademia Filarmonica di Messina; Associazione Concerti Citt\u00e0 di Noto (Palazzo Nicolaci); Teatro Electra di Iglesias e Palazzo Siotto di Cagliari, per il festival di Musica Classica e Contemporanea \u201cCorde D\u2019Autunno\u201d. Le sue precoci e innate doti artistiche e il possesso di una tecnica pianistica gi\u00e0 di livello, gli consentono inoltre di primeggiare fra le pi\u00f9\u00a0 importanti competitions sia in Italia che all\u2019Estero, classificandosi sempre come vincitore o con posizioni di assoluto rilievo, ottenendo prestigiosi primi premi e primi premi assoluti. Gi\u00e0 a dodici anni si afferma quale vincitore assoluto al Concorso Nazionale \u201cGiulio Rospigliosi\u201d di Lamporecchio, al concorso pianistico internazionale di Esecuzione Musicale \u201c giovani musicisti\u201d &#8211; Citt\u00e0 di Treviso, e in particolare, a soli 15 anni, consegue l\u2019ottimo piazzamento al prestigioso concorso pianistico internazionale \u201cVladimir Krainev Moscow International Piano Competition\u201d di Mosca, esibendosi presso l\u2019Hochschule fur Musik Theater und Medien di Hannover\u00a0 e presso l\u2019International House of Music di Mosca, classificandosi al settimo posto assoluto e conseguendo il Diploma d\u2019Onore (primo fra gli italiani partecipanti). Recentissima inoltre \u00e8 la sua ammissione alle finali 2019 del\u00a0 62\u00b0 Concorso Pianistico Internazionale \u201cFerruccio Busoni\u201d, avendo superato, insieme a\u00a0 soli 27 candidati su 100 partecipanti, le preselezioni del prestigioso concorso pianistico tenutesi a Bolzano lo scorso agosto. La sua formazione pianistica vanta, inoltre, la partecipazione a prestigiose masterclass di Alto Perfezionamento pianistico con: Joaquin Achucarro; Alexei Lebedev; Ivo Kaltchev; Boris Berezovsky. Attualmente, frequenta l\u2019Accademia Pianistica Internazionale di Imola \u201cIncontri col maestro\u201d, nella classe di Leonid Margarius.<\/p>\n<p>&nbsp;<\/p>\n<p>&nbsp;<\/p>\n<p>&nbsp;<\/p>\n","protected":false},"excerpt":{"rendered":"<p>&nbsp; &nbsp; TRA SIMBOLISMO E ART NOUVEAU Nel centenario della morte di Debussy &nbsp; EUGENIA\u00a0CANTONE\u00a0\u00a0flauto \u00a0NICOLO\u2019\u00a0CAFARO\u00a0\u00a0pianoforte &nbsp; Domenica 13 Gennaio 2019 ore 17:30 Palazzo Recupero [&hellip;]<\/p>\n","protected":false},"author":2,"featured_media":689,"comment_status":"open","ping_status":"open","sticky":false,"template":"","format":"standard","meta":{"footnotes":""},"categories":[6,3],"tags":[],"class_list":["post-688","post","type-post","status-publish","format-standard","has-post-thumbnail","hentry","category-aci-bonaccorsi","category-musica","clearfix"],"aioseo_notices":[],"_links":{"self":[{"href":"https:\/\/www.amigdalaweb.it\/blog\/wp-json\/wp\/v2\/posts\/688","targetHints":{"allow":["GET"]}}],"collection":[{"href":"https:\/\/www.amigdalaweb.it\/blog\/wp-json\/wp\/v2\/posts"}],"about":[{"href":"https:\/\/www.amigdalaweb.it\/blog\/wp-json\/wp\/v2\/types\/post"}],"author":[{"embeddable":true,"href":"https:\/\/www.amigdalaweb.it\/blog\/wp-json\/wp\/v2\/users\/2"}],"replies":[{"embeddable":true,"href":"https:\/\/www.amigdalaweb.it\/blog\/wp-json\/wp\/v2\/comments?post=688"}],"version-history":[{"count":0,"href":"https:\/\/www.amigdalaweb.it\/blog\/wp-json\/wp\/v2\/posts\/688\/revisions"}],"wp:featuredmedia":[{"embeddable":true,"href":"https:\/\/www.amigdalaweb.it\/blog\/wp-json\/wp\/v2\/media\/689"}],"wp:attachment":[{"href":"https:\/\/www.amigdalaweb.it\/blog\/wp-json\/wp\/v2\/media?parent=688"}],"wp:term":[{"taxonomy":"category","embeddable":true,"href":"https:\/\/www.amigdalaweb.it\/blog\/wp-json\/wp\/v2\/categories?post=688"},{"taxonomy":"post_tag","embeddable":true,"href":"https:\/\/www.amigdalaweb.it\/blog\/wp-json\/wp\/v2\/tags?post=688"}],"curies":[{"name":"wp","href":"https:\/\/api.w.org\/{rel}","templated":true}]}}