{"id":805,"date":"2019-11-03T14:51:13","date_gmt":"2019-11-03T13:51:13","guid":{"rendered":"http:\/\/www.amigdalaweb.it\/blog\/?p=805"},"modified":"2019-11-03T15:00:39","modified_gmt":"2019-11-03T14:00:39","slug":"805","status":"publish","type":"post","link":"https:\/\/www.amigdalaweb.it\/blog\/2019\/11\/03\/805\/","title":{"rendered":"CONCERTO INAUGURALE anno sociale 2019\/20 &#8211; CAMPAGNA TESSERAMENTO"},"content":{"rendered":"<div style=\"text-align: center;\"><img loading=\"lazy\" decoding=\"async\" class=\"alignnone wp-image-807\" src=\"http:\/\/www.amigdalaweb.it\/blog\/wp-content\/uploads\/2019\/11\/locandina-tonna-1000.jpg\" alt=\"\" width=\"450\" height=\"637\" srcset=\"https:\/\/www.amigdalaweb.it\/blog\/wp-content\/uploads\/2019\/11\/locandina-tonna-1000.jpg 1000w, https:\/\/www.amigdalaweb.it\/blog\/wp-content\/uploads\/2019\/11\/locandina-tonna-1000-212x300.jpg 212w, https:\/\/www.amigdalaweb.it\/blog\/wp-content\/uploads\/2019\/11\/locandina-tonna-1000-768x1087.jpg 768w, https:\/\/www.amigdalaweb.it\/blog\/wp-content\/uploads\/2019\/11\/locandina-tonna-1000-724x1024.jpg 724w, https:\/\/www.amigdalaweb.it\/blog\/wp-content\/uploads\/2019\/11\/locandina-tonna-1000-720x1019.jpg 720w, https:\/\/www.amigdalaweb.it\/blog\/wp-content\/uploads\/2019\/11\/locandina-tonna-1000-820x1160.jpg 820w\" sizes=\"auto, (max-width: 450px) 100vw, 450px\" \/><\/div>\n<div><\/div>\n<div style=\"text-align: center;\">L&#8217;Ass. Cult. liberaAMIGDALA<\/div>\n<div style=\"text-align: center;\">presenta<\/div>\n<div style=\"text-align: center;\"><\/div>\n<div style=\"text-align: center;\"><span style=\"color: #008000; font-size: 24pt;\"><b>MUSICA DENTRO IL TEMPO<\/b><\/span><\/div>\n<div style=\"text-align: center;\"><\/div>\n<div style=\"text-align: center;\"><span style=\"color: #008000; font-size: 14pt;\"><b>un momento di grande musica italiana da MINA a DALLA, da PAOLI a BATTISTI e tantissimi altri&#8230;<\/b><\/span><\/div>\n<div><\/div>\n<div style=\"text-align: center;\"><b><br \/>\ncon l&#8217;incredibile voce di\u00a0<\/b><\/div>\n<p style=\"text-align: center;\"><span style=\"font-size: 18pt;\"><strong><span style=\"color: #993300;\">LAURA LO RE\u00a0<\/span><\/strong><\/span>voce<\/p>\n<p style=\"text-align: center;\"><span style=\"color: #000000;\"><b>e le magiche note\u00a0 di<\/b><\/span><\/p>\n<p style=\"text-align: center;\"><span style=\"color: #993300; font-size: 18pt;\"><strong>ANTONELLO TONNA\u00a0<\/strong><\/span>piano<\/p>\n<p>&nbsp;<\/p>\n<p style=\"text-align: center;\"><b><span style=\"color: #4a4a4a;\">Vi aspettiamo tutti al CONCERTO INAUGURALE della Stagione<\/span><br \/>\n<span style=\"color: #990000;\">AMIGDALA IN CONCERTO<\/span><br \/>\n<span style=\"color: #4a4a4a;\">che si terr\u00e0 Domenica 17 Novembre 2019 alle ore 18:00<\/span><br \/>\n<span style=\"color: #4a4a4a;\">presso Palazzo Recupero-Cutore di Aci Bonaccorsi<\/span><\/b><\/p>\n<p style=\"text-align: center;\"><u><b>INGRESSO: contributo \u20ac 10<br \/>\n<\/b><b><span style=\"color: #4a4a4a;\">INGRESSO LIBERO: soci sostenitori e residenti<\/span><\/b><\/u><\/p>\n<p style=\"text-align: center;\"><b><span style=\"color: #4a4a4a;\"><a href=\"http:\/\/www.antonellotonna.com\/biografia.html\" target=\"_blank\" rel=\"noopener\" data-saferedirecturl=\"https:\/\/www.google.com\/url?q=http:\/\/www.antonellotonna.com\/biografia.html&amp;source=gmail&amp;ust=1572874030514000&amp;usg=AFQjCNFypHOH0wCK1-DpaJP35pwj2yFyqQ\">biografia ANTONELLO TONNA<\/a><\/span><\/b><\/p>\n<p style=\"text-align: center;\"><b><a href=\"http:\/\/www.amigdalaweb.it\/blog\/wp-content\/uploads\/2019\/11\/biografia-LAURA-LO-RE.pdf\" target=\"_blank\" rel=\"noopener\" data-saferedirecturl=\"https:\/\/www.google.com\/url?q=http:\/\/www.amigdalaweb.it\/blog\/wp-content\/uploads\/2019\/11\/biografia-LAURA-LO-RE.pdf&amp;source=gmail&amp;ust=1572874030514000&amp;usg=AFQjCNEr_jYmEnupbsIxVrhiTROeglSRAg\">biografia LAURA LO RE<\/a><\/b><\/p>\n<p>&nbsp;<\/p>\n<p>&nbsp;<\/p>\n<p style=\"text-align: center;\"><b><span style=\"color: #4a4a4a;\">______________________________<wbr \/>_______<\/span><\/b><\/p>\n<p>&nbsp;<\/p>\n<p>&nbsp;<\/p>\n<p style=\"text-align: center;\"><b><span style=\"color: #990000; font-size: large;\">CAMPAGNA TESSERAMENTO\u00a0<\/span><\/b><\/p>\n<p style=\"text-align: center;\"><strong>\u2026se vogliamo che la gente ami la cultura,<\/strong><br \/>\n<strong>dobbiamo fare in modo che abbia motivo di amarla<\/strong><\/p>\n<p>\u00a0Carissimi Amici,<\/p>\n<p>l\u2019anno sociale 2019\/2020 dell&#8217;Ass. Culturale liberaAMIGDALA sta per iniziare&#8230;<br \/>\nCi muoveremo all\u2019interno di vari ambiti musicali e culturali e, per una scelta no profit ed ideologica, tutto ci\u00f2 sar\u00e0 proposto a costi accessibilissimi (quanto basta per coprire le spese)<br \/>\nNoi riteniamo fondamentale promuovere la cultura, determinati a non sottrarci alle grandi difficolt\u00e0 che la nostra societ\u00e0 ci impone, ma ci\u00f2 sar\u00e0 possibile solo grazie al Vostro contributo.<br \/>\nl\u2019Associazione Culturale liberaAMIGDALA \u00e8 un\u2019organizzazione molto apprezzata anche a livello Internazionale (grazie al Concorso Internazionale di Musica classica che si svolge ogni anno con grande successo) e persegue i propri obiettivi statutari sostenendosi esclusivamente con le quote associative ed il contributo dei soci ordinari.<\/p>\n<p><b>Gli appuntamenti in calendario saranno presentati nel corso del concerto inaugurale.<\/b><\/p>\n<p><strong><span style=\"color: #ff0000;\">associarsi \u00e8 facile:<\/span><\/strong><\/p>\n<p>In occasione del concerto inaugurale del 17 Novembre 2019 baster\u00e0 rivolgersi agli organizzatori, compilare un modulo di formale richiesta al Direttivo e versare la quota associativa oppure, in seguito, durante una delle nostre serate.<\/p>\n<p>Ringrazio di cuore i vecchi soci e li invito a sostenerci ancora rinnovando al pi\u00f9 presto l\u2019iscrizione e promuovendo la campagna tesseramento 2019\/2020 presso i propri amici e conoscenti.<\/p>\n<p>Un grazie anche a quanti, trasmettendoci affetto, stima e amicizia, condivideranno la nostra avventura entrando a far parte di questa grande famiglia.<\/p>\n<p>&nbsp;<\/p>\n<p><strong><span style=\"color: #ff0000;\">TESSERAMENTO:<\/span><\/strong><\/p>\n<p>Il Direttivo propone anche quest\u2019anno due tipologie di socio:<\/p>\n<p><strong>SOCIO SOSTENITORE<\/strong><span style=\"color: #4a4a4a;\"><strong>:<\/strong> ha diritto all\u2019ingresso libero a tutti gli eventi in calendario (esclusi i fuori programma) e ad un trattamento privilegiato sul costo delle cene conviviali.<br \/>\n<\/span>quota associativa \u20ac 50,00<\/p>\n<p><strong>\u00a0SOCIO ORDINARIO:<\/strong>\u00a0<span style=\"color: #4a4a4a;\">ha diritto all\u2019ingresso. Contribuisce alle spese organizzative con la quota stabilita dall\u2019organizzazione per ogni evento.<br \/>\n<\/span>quota associativa \u20ac 5,00<\/p>\n<p><strong>I RESIDENTI NEL COMUNE DI ACI BONACCORSI<\/strong>\u00a0(se richiesto, dovranno esibire un documento di identit\u00e0) hanno diritto all\u2019ingresso libero a tutti gli eventi che si svolgeranno nel loro comune grazie ad un accordo di collaborazione stipulato con il Sindaco di Aci Bonaccorsi. Dovranno semplicemente richiedere la tessera di socio ordinario e versare la\u00a0<span style=\"color: #ff0000;\">quota associativa di \u20ac 5,00\u00a0<\/span><\/p>\n<p>__________________________<\/p>\n<p>Il Direttivo si riserva la facolt\u00e0 di apportare modifiche al calendario.<\/p>\n<p>Ogni appuntamento sar\u00e0 pubblicizzato tramite e-mail, sms e whatsapp (per coloro che desiderano essere inseriti nella mailinglist)<br \/>\ne sulla stampa locale, sulla nostra pagina\u00a0<a href=\"https:\/\/www.facebook.com\/amigdala.web\/\" target=\"_blank\" rel=\"noopener\" data-saferedirecturl=\"https:\/\/www.google.com\/url?q=https:\/\/www.facebook.com\/amigdala.web\/&amp;source=gmail&amp;ust=1572874030514000&amp;usg=AFQjCNEVGMJkKwV93ATBdRSliHDt_my1Iw\">facebook: amigdala web<\/a>\u00a0e sul sito\u00a0<a href=\"http:\/\/www.amigdalaweb.it\/\" target=\"_blank\" rel=\"noopener\" data-saferedirecturl=\"https:\/\/www.google.com\/url?q=http:\/\/www.amigdalaweb.it\/&amp;source=gmail&amp;ust=1572874030514000&amp;usg=AFQjCNG07nasjGpM7SvEXBRSfgds3NQrSA\">www.amigdalaweb.it<\/a><\/p>\n<p>&nbsp;<\/p>\n<p><b>segreteria:<br \/>\n<\/b><span style=\"color: #4a4a4a;\">info: 3480063108 \u2013 3381140344<br \/>\n<\/span><\/p>\n<div><a target=\"_blank\">info@amigdalaweb.it<\/a><\/div>\n","protected":false},"excerpt":{"rendered":"<p>L&#8217;Ass. Cult. liberaAMIGDALA presenta MUSICA DENTRO IL TEMPO un momento di grande musica italiana da MINA a DALLA, da PAOLI a BATTISTI e tantissimi altri&#8230; [&hellip;]<\/p>\n","protected":false},"author":2,"featured_media":808,"comment_status":"open","ping_status":"open","sticky":false,"template":"","format":"standard","meta":{"footnotes":""},"categories":[6,3],"tags":[],"class_list":["post-805","post","type-post","status-publish","format-standard","has-post-thumbnail","hentry","category-aci-bonaccorsi","category-musica","clearfix"],"aioseo_notices":[],"_links":{"self":[{"href":"https:\/\/www.amigdalaweb.it\/blog\/wp-json\/wp\/v2\/posts\/805","targetHints":{"allow":["GET"]}}],"collection":[{"href":"https:\/\/www.amigdalaweb.it\/blog\/wp-json\/wp\/v2\/posts"}],"about":[{"href":"https:\/\/www.amigdalaweb.it\/blog\/wp-json\/wp\/v2\/types\/post"}],"author":[{"embeddable":true,"href":"https:\/\/www.amigdalaweb.it\/blog\/wp-json\/wp\/v2\/users\/2"}],"replies":[{"embeddable":true,"href":"https:\/\/www.amigdalaweb.it\/blog\/wp-json\/wp\/v2\/comments?post=805"}],"version-history":[{"count":0,"href":"https:\/\/www.amigdalaweb.it\/blog\/wp-json\/wp\/v2\/posts\/805\/revisions"}],"wp:featuredmedia":[{"embeddable":true,"href":"https:\/\/www.amigdalaweb.it\/blog\/wp-json\/wp\/v2\/media\/808"}],"wp:attachment":[{"href":"https:\/\/www.amigdalaweb.it\/blog\/wp-json\/wp\/v2\/media?parent=805"}],"wp:term":[{"taxonomy":"category","embeddable":true,"href":"https:\/\/www.amigdalaweb.it\/blog\/wp-json\/wp\/v2\/categories?post=805"},{"taxonomy":"post_tag","embeddable":true,"href":"https:\/\/www.amigdalaweb.it\/blog\/wp-json\/wp\/v2\/tags?post=805"}],"curies":[{"name":"wp","href":"https:\/\/api.w.org\/{rel}","templated":true}]}}